{"id":5479,"date":"2013-01-02T19:47:57","date_gmt":"2013-01-02T19:47:57","guid":{"rendered":"http:\/\/confeitag.com.br\/wp\/?p=5479"},"modified":"2015-10-23T11:36:48","modified_gmt":"2015-10-23T11:36:48","slug":"trabalhe-na-confeitag","status":"publish","type":"post","link":"https:\/\/confeitag.com.br\/wp\/trabalhe-na-confeitag\/","title":{"rendered":"Trabalhe na Confeitag"},"content":{"rendered":"<p>A Confeitag faz sele\u00e7\u00e3o eventual em busca de novos colaboradores para as fun\u00e7\u00f5es abaixo, com e sem experi\u00eancia. Se voc\u00ea gosta de confeitaria e panifica\u00e7\u00e3o entre em contato. \u00a0Para receber treinamento na pr\u00f3pria empresa.<\/p>\n<p>Auxiliar de Cozinha (sem vaga no momento)<\/p>\n<p>Auxiliar de Confeitaria\u00a0(sem vaga no momento)<\/p>\n<p>Motorista\u00a0(sem vaga no momento)<\/p>\n<p>Confeiteiro\u00a0(sem vaga no momento)<\/p>\n<p>Masseiro\u00a0(sem vaga no momento)<\/p>\n<p>Atendente\u00a0(sem vaga no momento)<\/p>\n<p>Envie e-mail com curr\u00edculo para rh@confeitag.com.br\u00a0e quando tivermos uma oportunidade em aberto entreremos em contato para agendar uma entrevista.<\/p>\n<p>&nbsp;<\/p>\n<p>&nbsp;<\/p>\n","protected":false},"excerpt":{"rendered":"<p>A Confeitag faz sele\u00e7\u00e3o eventual em busca de novos colaboradores para as fun\u00e7\u00f5es abaixo, com e sem experi\u00eancia. Se voc\u00ea gosta de confeitaria e panifica\u00e7\u00e3o entre em contato. \u00a0Para receber treinamento na pr\u00f3pria empresa. Auxiliar de Cozinha (sem vaga no momento) Auxiliar de Confeitaria\u00a0(sem vaga no momento) Motorista\u00a0(sem vaga no momento) Confeiteiro\u00a0(sem vaga no momento) [&hellip;]<\/p>\n","protected":false},"author":3,"featured_media":4616,"comment_status":"open","ping_status":"open","sticky":false,"template":"","format":"standard","meta":{"footnotes":""},"categories":[119],"tags":[344,347,345,343,346],"class_list":["post-5479","post","type-post","status-publish","format-standard","has-post-thumbnail","hentry","category-a-confeitag","tag-confeitag","tag-confeitaria","tag-confeiteiro","tag-emprego","tag-trabalhe"],"_links":{"self":[{"href":"https:\/\/confeitag.com.br\/wp\/wp-json\/wp\/v2\/posts\/5479","targetHints":{"allow":["GET"]}}],"collection":[{"href":"https:\/\/confeitag.com.br\/wp\/wp-json\/wp\/v2\/posts"}],"about":[{"href":"https:\/\/confeitag.com.br\/wp\/wp-json\/wp\/v2\/types\/post"}],"author":[{"embeddable":true,"href":"https:\/\/confeitag.com.br\/wp\/wp-json\/wp\/v2\/users\/3"}],"replies":[{"embeddable":true,"href":"https:\/\/confeitag.com.br\/wp\/wp-json\/wp\/v2\/comments?post=5479"}],"version-history":[{"count":8,"href":"https:\/\/confeitag.com.br\/wp\/wp-json\/wp\/v2\/posts\/5479\/revisions"}],"predecessor-version":[{"id":32756,"href":"https:\/\/confeitag.com.br\/wp\/wp-json\/wp\/v2\/posts\/5479\/revisions\/32756"}],"wp:featuredmedia":[{"embeddable":true,"href":"https:\/\/confeitag.com.br\/wp\/wp-json\/wp\/v2\/media\/4616"}],"wp:attachment":[{"href":"https:\/\/confeitag.com.br\/wp\/wp-json\/wp\/v2\/media?parent=5479"}],"wp:term":[{"taxonomy":"category","embeddable":true,"href":"https:\/\/confeitag.com.br\/wp\/wp-json\/wp\/v2\/categories?post=5479"},{"taxonomy":"post_tag","embeddable":true,"href":"https:\/\/confeitag.com.br\/wp\/wp-json\/wp\/v2\/tags?post=5479"}],"curies":[{"name":"wp","href":"https:\/\/api.w.org\/{rel}","templated":true}]}}